{"id":701,"date":"2026-02-05T12:00:00","date_gmt":"2026-02-05T11:00:00","guid":{"rendered":"https:\/\/logopediabialystok.pl\/?p=701"},"modified":"2026-01-21T03:27:00","modified_gmt":"2026-01-21T02:27:00","slug":"dysleksja-w-polsce","status":"publish","type":"post","link":"https:\/\/logopediabialystok.pl\/index.php\/2026\/02\/05\/dysleksja-w-polsce\/","title":{"rendered":"Dysleksja w Polsce: 50% uczni\u00f3w z symptomami w 2023 roku"},"content":{"rendered":"\n<p><strong>Dysleksja to specyficzne trudno\u015bci w nauce czytania i pisania, kt\u00f3re dotycz\u0105 znacznej cz\u0119\u015bci uczni\u00f3w w Polsce. Oficjalne statystyki na temat jej wyst\u0119powania znacznie r\u00f3\u017cni\u0105 si\u0119 od wynik\u00f3w najnowszych bada\u0144, co budzi w\u0105tpliwo\u015bci co do rzeczywistej skali tego zjawiska<\/strong>.<\/p>\n\n\n\n<p>Ta rozbie\u017cno\u015b\u0107 rodzi pytania o skal\u0119 trudno\u015bci oraz o to, jak system edukacyjny radzi sobie z potrzebami uczni\u00f3w z dysleksj\u0105. W dalszej cz\u0119\u015bci artyku\u0142u przyjrzymy si\u0119 danym statystycznym, wyzwaniom stoj\u0105cym przed szko\u0142ami i plac\u00f3wkami wspieraj\u0105cymi uczni\u00f3w oraz perspektywom na nadchodz\u0105cy rok szkolny.<\/p>\n\n\n\n<h3 class=\"wp-block-heading\">Rozbie\u017cno\u015b\u0107 oficjalnych statystyk i wynik\u00f3w testu<\/h3>\n\n\n\n<p>Dane Ministerstwa Edukacji Narodowej wskazuj\u0105, \u017ce mniej ni\u017c 15% uczni\u00f3w w Polsce ma zdiagnozowan\u0105 dysleksj\u0119. Tymczasem Og\u00f3lnopolski Test Dysleksji przeprowadzony jesieni\u0105 2023 roku wykaza\u0142, \u017ce oko\u0142o 50% spo\u015br\u00f3d 4 tysi\u0119cy badanych uczni\u00f3w prezentuje symptomy dysleksji. Ta znacz\u0105ca r\u00f3\u017cnica pokazuje, \u017ce oficjalne statystyki mog\u0105 powa\u017cnie niedoszacowywa\u0107 skal\u0119 trudno\u015bci. Jakie to ma konsekwencje dla edukacji i wsparcia uczni\u00f3w?<\/p>\n\n\n\n<p>W praktyce oznacza to, \u017ce co drugi ucze\u0144 mo\u017ce zmaga\u0107 si\u0119 z problemami w czytaniu i pisaniu, kt\u00f3re wymagaj\u0105 odpowiedniego wsparcia. Taka sytuacja radykalnie zmienia dotychczasowe wyobra\u017cenia o skali tego zjawiska. Trudno\u015bci te maj\u0105 r\u00f3wnie\u017c praktyczne skutki. W 2023 roku 16% \u00f3smoklasist\u00f3w oraz a\u017c 24,6% maturzyst\u00f3w posiada\u0142o opinie potwierdzaj\u0105ce trudno\u015bci dyslektyczne. W rezultacie ro\u015bnie presja na dostosowania podczas egzamin\u00f3w, gdzie takie opinie daj\u0105 prawo do dodatkowych uprawnie\u0144 i form pomocy.<\/p>\n\n\n\n<h3 class=\"wp-block-heading\">Co to oznacza dla szk\u00f3\u0142, poradni i gabinet\u00f3w?<\/h3>\n\n\n\n<p>Pocz\u0105tek ka\u017cdego roku szkolnego to czas gwa\u0142townego wzrostu zapotrzebowania na diagnozy i wsparcie. Szko\u0142y musz\u0105 przygotowa\u0107 si\u0119 na wi\u0119ksz\u0105 liczb\u0119 uczni\u00f3w wymagaj\u0105cych dostosowa\u0144 edukacyjnych \u2013 od indywidualnych program\u00f3w nauczania po zmiany w ocenianiu. To wyzwanie nie ogranicza si\u0119 do formalno\u015bci, lecz stanowi realne obci\u0105\u017cenie dla nauczycieli i administracji. Poradnie psychologiczno-pedagogiczne (PPP) czeka znaczny wzrost liczby zg\u0142osze\u0144. Ju\u017c teraz obserwuje si\u0119 narastaj\u0105c\u0105 liczb\u0119 diagnoz, a ten trend b\u0119dzie si\u0119 nasila\u0142. Pracownicy poradni musz\u0105 radzi\u0107 sobie z przeci\u0105\u017ceniem, co wymaga zwi\u0119kszenia zasob\u00f3w kadrowych oraz lepszej organizacji pracy.<\/p>\n\n\n\n<p>Warto te\u017c zwr\u00f3ci\u0107 uwag\u0119 na rosn\u0105c\u0105 popularno\u015b\u0107 prywatnych gabinet\u00f3w terapeutycznych oferuj\u0105cych pomoc uczniom z dysleksj\u0105. Rodzice, chc\u0105c unikn\u0105\u0107 d\u0142ugiego oczekiwania na diagnoz\u0119 w plac\u00f3wkach publicznych, coraz cz\u0119\u015bciej korzystaj\u0105 z prywatnych us\u0142ug. Z jednej strony to szansa na szybsze wsparcie, z drugiej \u2013 wyzwanie zwi\u0105zane z nier\u00f3wnym dost\u0119pem do pomocy. Najwa\u017cniejsz\u0105 zmian\u0105 pozostaje jednak konieczno\u015b\u0107 podniesienia kwalifikacji nauczycieli. Bez odpowiedniego przygotowania kadry szkolnej nawet najlepsze dostosowania nie przynios\u0105 oczekiwanych efekt\u00f3w.<\/p>\n\n\n\n<p>Eksperci podkre\u015blaj\u0105, \u017ce potrzebna jest istotna zmiana podej\u015bcia do dysleksji oraz metod jej wspierania w polskich szko\u0142ach. Trudno\u015bci dotycz\u0105 nie tylko liczby uczni\u00f3w z dysleksj\u0105, ale tak\u017ce jako\u015bci edukacji, kt\u00f3r\u0105 im zapewniamy. Obecne metody nauczania cz\u0119sto nie odpowiadaj\u0105 specyficznym potrzebom tych uczni\u00f3w, co wp\u0142ywa na efektywno\u015b\u0107 nauki i rozw\u00f3j kompetencji czytelniczych.<\/p>\n\n\n\n<h3 class=\"wp-block-heading\">Z dysleksj\u0105 da si\u0119 wygra\u0107!<\/h3>\n\n\n\n<p>Uczniowie mog\u0105 uzyska\u0107 profesjonaln\u0105 i skuteczn\u0105 pomoc w radzeniu sobie z dysleksj\u0105 \u2013 pod warunkiem, \u017ce szko\u0142y, poradnie i terapeuci sprostaj\u0105 rosn\u0105cym wymaganiom. W przeciwnym razie wiele dzieci mo\u017ce pozosta\u0107 bez adekwatnej pomocy, a trudno\u015bci zwi\u0105zane z dysleksj\u0105 b\u0119d\u0105 si\u0119 pog\u0142\u0119bia\u0107. Ju\u017c teraz widzimy, \u017ce dysleksja w Polsce to temat, kt\u00f3rego nie mo\u017cna ani ignorowa\u0107, ani bagatelizowa\u0107.<\/p>\n\n\n\n<h3 class=\"wp-block-heading\">\u0179r\u00f3d\u0142a<\/h3>\n\n\n\n<ol class=\"wp-block-list\">\n<li><a href=\"https:\/\/samorzad.gov.pl\/web\/powiat-losicki\/dysleksja-w-polsce-w-2023-r\">samorzad.gov.pl<\/a><\/li>\n\n\n\n<li><a href=\"https:\/\/scek.pl\/2024\/02\/03\/informacja-o-raporcie-dysleksja-w-polsce-w-2023-r\/\">scek.pl<\/a><\/li>\n\n\n\n<li><a href=\"https:\/\/strefaedukacji.pl\/dyslektykow-w-polsce-jest-wiecej-niz-wskazuja-statystyki-wyniki-ogolnopolskiego-testu-dysleksji-wskazuja-ze-moze-tak-byc\/ar\/c5-18428091\">strefaedukacji.pl<\/a><\/li>\n\n\n\n<li><a href=\"https:\/\/www.gov.pl\/web\/uw-warminsko-mazurski\/ii-edycja-ogolnopolskiego-testu-dysleksji\">gov.pl<\/a><\/li>\n\n\n\n<li><a href=\"https:\/\/wiadomosci.radiozet.pl\/polska\/epidemia-dysleksji-jedna-czwarta-maturzystow-z-opiniami-o-trudnosciach-w-nauce\">wiadomosci.radiozet.pl<\/a><\/li>\n\n\n\n<li><a href=\"https:\/\/ore.edu.pl\/2024\/10\/ii-ogolnopolski-test-dysleksji\/\">ore.edu.pl<\/a><\/li>\n\n\n\n<li><a href=\"https:\/\/edukacja.wzp.pl\/aktualnosci\/raport-dysleksja-w-polsce-w-2023-r\">edukacja.wzp.pl<\/a><\/li>\n\n\n\n<li><a href=\"https:\/\/www.spchwiram.edu.pl\/index.php\/uczniowie\/kacik-psychologiczno-pedagogiczny\/365-raport-dysleksja-w-polsce-w-2023-r\">spchwiram.edu.pl<\/a><\/li>\n\n\n\n<li><a href=\"https:\/\/spdabrowkawielka.szkolnastrona.pl\/a,1195,raport-dysleksja-w-polsce-w-2023-r\">spdabrowkawielka.szkolnastrona.pl<\/a><\/li>\n\n\n\n<li><a href=\"https:\/\/waldowo.pl\/raport-dysleksja-w-polsce-w-2023-r\/\">waldowo.pl<\/a><\/li>\n<\/ol>\n","protected":false},"excerpt":{"rendered":"<p>50% uczni\u00f3w wykazuje symptomy dysleksji wed\u0142ug testu z 2023 r., co stawia szko\u0142y i poradnie przed ogromnym wyzwaniem w roku szkolnym 2024\/2025.<\/p>\n","protected":false},"author":2,"featured_media":702,"comment_status":"open","ping_status":"open","sticky":false,"template":"","format":"standard","meta":{"site-sidebar-layout":"default","site-content-layout":"","ast-site-content-layout":"default","site-content-style":"default","site-sidebar-style":"default","ast-global-header-display":"","ast-banner-title-visibility":"","ast-main-header-display":"","ast-hfb-above-header-display":"","ast-hfb-below-header-display":"","ast-hfb-mobile-header-display":"","site-post-title":"","ast-breadcrumbs-content":"","ast-featured-img":"","footer-sml-layout":"","ast-disable-related-posts":"","theme-transparent-header-meta":"","adv-header-id-meta":"","stick-header-meta":"","header-above-stick-meta":"","header-main-stick-meta":"","header-below-stick-meta":"","astra-migrate-meta-layouts":"default","ast-page-background-enabled":"default","ast-page-background-meta":{"desktop":{"background-color":"var(--ast-global-color-5)","background-image":"","background-repeat":"repeat","background-position":"center center","background-size":"auto","background-attachment":"scroll","background-type":"","background-media":"","overlay-type":"","overlay-color":"","overlay-opacity":"","overlay-gradient":""},"tablet":{"background-color":"","background-image":"","background-repeat":"repeat","background-position":"center center","background-size":"auto","background-attachment":"scroll","background-type":"","background-media":"","overlay-type":"","overlay-color":"","overlay-opacity":"","overlay-gradient":""},"mobile":{"background-color":"","background-image":"","background-repeat":"repeat","background-position":"center center","background-size":"auto","background-attachment":"scroll","background-type":"","background-media":"","overlay-type":"","overlay-color":"","overlay-opacity":"","overlay-gradient":""}},"ast-content-background-meta":{"desktop":{"background-color":"var(--ast-global-color-4)","background-image":"","background-repeat":"repeat","background-position":"center center","background-size":"auto","background-attachment":"scroll","background-type":"","background-media":"","overlay-type":"","overlay-color":"","overlay-opacity":"","overlay-gradient":""},"tablet":{"background-color":"var(--ast-global-color-4)","background-image":"","background-repeat":"repeat","background-position":"center center","background-size":"auto","background-attachment":"scroll","background-type":"","background-media":"","overlay-type":"","overlay-color":"","overlay-opacity":"","overlay-gradient":""},"mobile":{"background-color":"var(--ast-global-color-4)","background-image":"","background-repeat":"repeat","background-position":"center center","background-size":"auto","background-attachment":"scroll","background-type":"","background-media":"","overlay-type":"","overlay-color":"","overlay-opacity":"","overlay-gradient":""}},"footnotes":""},"categories":[27,25,13],"tags":[11,14,20,19,12,10],"class_list":["post-701","post","type-post","status-publish","format-standard","has-post-thumbnail","hentry","category-dysleksja","category-dzieci","category-porady","tag-diagnoza-logopedyczna","tag-dyslalia-u-dzieci","tag-logopedia","tag-neurologopedia","tag-terapia-logopedyczna","tag-wady-wymowy-u-dzieci"],"yoast_head":"<!-- This site is optimized with the Yoast SEO plugin v26.6 - https:\/\/yoast.com\/wordpress\/plugins\/seo\/ -->\n<title>Dysleksja w Polsce: 50% uczni\u00f3w z symptomami w 2023 roku &#8212; logopediabialystok.pl<\/title>\n<meta name=\"description\" content=\"50% uczni\u00f3w wykazuje symptomy dysleksji wed\u0142ug testu z 2023 r., co stawia szko\u0142y i poradnie przed ogromnym wyzwaniem w roku szkolnym 2024\/2025.\" \/>\n<meta name=\"robots\" content=\"index, follow, max-snippet:-1, max-image-preview:large, max-video-preview:-1\" \/>\n<link rel=\"canonical\" href=\"https:\/\/logopediabialystok.pl\/index.php\/2026\/02\/05\/dysleksja-w-polsce\/\" \/>\n<meta property=\"og:locale\" content=\"pl_PL\" \/>\n<meta property=\"og:type\" content=\"article\" \/>\n<meta property=\"og:title\" content=\"Dysleksja w Polsce: 50% uczni\u00f3w z symptomami w 2023 roku &#8212; logopediabialystok.pl\" \/>\n<meta property=\"og:description\" content=\"50% uczni\u00f3w wykazuje symptomy dysleksji wed\u0142ug testu z 2023 r., co stawia szko\u0142y i poradnie przed ogromnym wyzwaniem w roku szkolnym 2024\/2025.\" \/>\n<meta property=\"og:url\" content=\"https:\/\/logopediabialystok.pl\/index.php\/2026\/02\/05\/dysleksja-w-polsce\/\" \/>\n<meta property=\"og:site_name\" content=\"logopediabialystok.pl\" \/>\n<meta property=\"article:published_time\" content=\"2026-02-05T11:00:00+00:00\" \/>\n<meta property=\"og:image\" content=\"https:\/\/logopediabialystok.pl\/wp-content\/uploads\/2026\/01\/write-8487618_1920.jpg\" \/>\n\t<meta property=\"og:image:width\" content=\"1920\" \/>\n\t<meta property=\"og:image:height\" content=\"1280\" \/>\n\t<meta property=\"og:image:type\" content=\"image\/jpeg\" \/>\n<meta name=\"author\" content=\"Bartosz Lewicki\" \/>\n<meta name=\"twitter:card\" content=\"summary_large_image\" \/>\n<meta name=\"twitter:label1\" content=\"Napisane przez\" \/>\n\t<meta name=\"twitter:data1\" content=\"Bartosz Lewicki\" \/>\n\t<meta name=\"twitter:label2\" content=\"Szacowany czas czytania\" \/>\n\t<meta name=\"twitter:data2\" content=\"4 minuty\" \/>\n<script type=\"application\/ld+json\" class=\"yoast-schema-graph\">{\"@context\":\"https:\/\/schema.org\",\"@graph\":[{\"@type\":\"Article\",\"@id\":\"https:\/\/logopediabialystok.pl\/index.php\/2026\/02\/05\/dysleksja-w-polsce\/#article\",\"isPartOf\":{\"@id\":\"https:\/\/logopediabialystok.pl\/index.php\/2026\/02\/05\/dysleksja-w-polsce\/\"},\"author\":{\"name\":\"Bartosz Lewicki\",\"@id\":\"https:\/\/logopediabialystok.pl\/#\/schema\/person\/5c0ef19c6bc84352715f1cd233173e7f\"},\"headline\":\"Dysleksja w Polsce: 50% uczni\u00f3w z symptomami w 2023 roku\",\"datePublished\":\"2026-02-05T11:00:00+00:00\",\"mainEntityOfPage\":{\"@id\":\"https:\/\/logopediabialystok.pl\/index.php\/2026\/02\/05\/dysleksja-w-polsce\/\"},\"wordCount\":613,\"commentCount\":0,\"publisher\":{\"@id\":\"https:\/\/logopediabialystok.pl\/#organization\"},\"image\":{\"@id\":\"https:\/\/logopediabialystok.pl\/index.php\/2026\/02\/05\/dysleksja-w-polsce\/#primaryimage\"},\"thumbnailUrl\":\"https:\/\/logopediabialystok.pl\/wp-content\/uploads\/2026\/01\/write-8487618_1920.jpg\",\"keywords\":[\"diagnoza logopedyczna\",\"dyslalia u dzieci\",\"logopedia\",\"neurologopedia\",\"terapia logopedyczna\",\"wady wymowy u dzieci\"],\"articleSection\":[\"Dysleksja\",\"Dzieci\",\"Porady\"],\"inLanguage\":\"pl-PL\",\"potentialAction\":[{\"@type\":\"CommentAction\",\"name\":\"Comment\",\"target\":[\"https:\/\/logopediabialystok.pl\/index.php\/2026\/02\/05\/dysleksja-w-polsce\/#respond\"]}]},{\"@type\":\"WebPage\",\"@id\":\"https:\/\/logopediabialystok.pl\/index.php\/2026\/02\/05\/dysleksja-w-polsce\/\",\"url\":\"https:\/\/logopediabialystok.pl\/index.php\/2026\/02\/05\/dysleksja-w-polsce\/\",\"name\":\"Dysleksja w Polsce: 50% uczni\u00f3w z symptomami w 2023 roku &#8212; logopediabialystok.pl\",\"isPartOf\":{\"@id\":\"https:\/\/logopediabialystok.pl\/#website\"},\"primaryImageOfPage\":{\"@id\":\"https:\/\/logopediabialystok.pl\/index.php\/2026\/02\/05\/dysleksja-w-polsce\/#primaryimage\"},\"image\":{\"@id\":\"https:\/\/logopediabialystok.pl\/index.php\/2026\/02\/05\/dysleksja-w-polsce\/#primaryimage\"},\"thumbnailUrl\":\"https:\/\/logopediabialystok.pl\/wp-content\/uploads\/2026\/01\/write-8487618_1920.jpg\",\"datePublished\":\"2026-02-05T11:00:00+00:00\",\"description\":\"50% uczni\u00f3w wykazuje symptomy dysleksji wed\u0142ug testu z 2023 r., co stawia szko\u0142y i poradnie przed ogromnym wyzwaniem w roku szkolnym 2024\/2025.\",\"breadcrumb\":{\"@id\":\"https:\/\/logopediabialystok.pl\/index.php\/2026\/02\/05\/dysleksja-w-polsce\/#breadcrumb\"},\"inLanguage\":\"pl-PL\",\"potentialAction\":[{\"@type\":\"ReadAction\",\"target\":[\"https:\/\/logopediabialystok.pl\/index.php\/2026\/02\/05\/dysleksja-w-polsce\/\"]}]},{\"@type\":\"ImageObject\",\"inLanguage\":\"pl-PL\",\"@id\":\"https:\/\/logopediabialystok.pl\/index.php\/2026\/02\/05\/dysleksja-w-polsce\/#primaryimage\",\"url\":\"https:\/\/logopediabialystok.pl\/wp-content\/uploads\/2026\/01\/write-8487618_1920.jpg\",\"contentUrl\":\"https:\/\/logopediabialystok.pl\/wp-content\/uploads\/2026\/01\/write-8487618_1920.jpg\",\"width\":1920,\"height\":1280,\"caption\":\"Obraz Thomas G. z Pixabay\"},{\"@type\":\"BreadcrumbList\",\"@id\":\"https:\/\/logopediabialystok.pl\/index.php\/2026\/02\/05\/dysleksja-w-polsce\/#breadcrumb\",\"itemListElement\":[{\"@type\":\"ListItem\",\"position\":1,\"name\":\"Home\",\"item\":\"https:\/\/logopediabialystok.pl\/\"},{\"@type\":\"ListItem\",\"position\":2,\"name\":\"Dysleksja w Polsce: 50% uczni\u00f3w z symptomami w 2023 roku\"}]},{\"@type\":\"WebSite\",\"@id\":\"https:\/\/logopediabialystok.pl\/#website\",\"url\":\"https:\/\/logopediabialystok.pl\/\",\"name\":\"logopediabialystok.pl\",\"description\":\"Od pierwszych s\u0142\u00f3w \u2013 po powr\u00f3t do mowy po udarze.\",\"publisher\":{\"@id\":\"https:\/\/logopediabialystok.pl\/#organization\"},\"potentialAction\":[{\"@type\":\"SearchAction\",\"target\":{\"@type\":\"EntryPoint\",\"urlTemplate\":\"https:\/\/logopediabialystok.pl\/?s={search_term_string}\"},\"query-input\":{\"@type\":\"PropertyValueSpecification\",\"valueRequired\":true,\"valueName\":\"search_term_string\"}}],\"inLanguage\":\"pl-PL\"},{\"@type\":\"Organization\",\"@id\":\"https:\/\/logopediabialystok.pl\/#organization\",\"name\":\"logopediabialystok.pl\",\"url\":\"https:\/\/logopediabialystok.pl\/\",\"logo\":{\"@type\":\"ImageObject\",\"inLanguage\":\"pl-PL\",\"@id\":\"https:\/\/logopediabialystok.pl\/#\/schema\/logo\/image\/\",\"url\":\"https:\/\/logopediabialystok.pl\/wp-content\/uploads\/2025\/11\/logopedia-logo.webp\",\"contentUrl\":\"https:\/\/logopediabialystok.pl\/wp-content\/uploads\/2025\/11\/logopedia-logo.webp\",\"width\":70,\"height\":70,\"caption\":\"logopediabialystok.pl\"},\"image\":{\"@id\":\"https:\/\/logopediabialystok.pl\/#\/schema\/logo\/image\/\"}},{\"@type\":\"Person\",\"@id\":\"https:\/\/logopediabialystok.pl\/#\/schema\/person\/5c0ef19c6bc84352715f1cd233173e7f\",\"name\":\"Bartosz Lewicki\",\"image\":{\"@type\":\"ImageObject\",\"inLanguage\":\"pl-PL\",\"@id\":\"https:\/\/logopediabialystok.pl\/#\/schema\/person\/image\/\",\"url\":\"https:\/\/secure.gravatar.com\/avatar\/1740c3c9a51d4c5911cc1dc39db2bd798a3bc9b13801a8a896e2202a49384505?s=96&d=mm&r=g\",\"contentUrl\":\"https:\/\/secure.gravatar.com\/avatar\/1740c3c9a51d4c5911cc1dc39db2bd798a3bc9b13801a8a896e2202a49384505?s=96&d=mm&r=g\",\"caption\":\"Bartosz Lewicki\"},\"sameAs\":[\"http:\/\/trustedone.pl\"],\"url\":\"https:\/\/logopediabialystok.pl\/index.php\/author\/bartek\/\"}]}<\/script>\n<!-- \/ Yoast SEO plugin. -->","yoast_head_json":{"title":"Dysleksja w Polsce: 50% uczni\u00f3w z symptomami w 2023 roku &#8212; logopediabialystok.pl","description":"50% uczni\u00f3w wykazuje symptomy dysleksji wed\u0142ug testu z 2023 r., co stawia szko\u0142y i poradnie przed ogromnym wyzwaniem w roku szkolnym 2024\/2025.","robots":{"index":"index","follow":"follow","max-snippet":"max-snippet:-1","max-image-preview":"max-image-preview:large","max-video-preview":"max-video-preview:-1"},"canonical":"https:\/\/logopediabialystok.pl\/index.php\/2026\/02\/05\/dysleksja-w-polsce\/","og_locale":"pl_PL","og_type":"article","og_title":"Dysleksja w Polsce: 50% uczni\u00f3w z symptomami w 2023 roku &#8212; logopediabialystok.pl","og_description":"50% uczni\u00f3w wykazuje symptomy dysleksji wed\u0142ug testu z 2023 r., co stawia szko\u0142y i poradnie przed ogromnym wyzwaniem w roku szkolnym 2024\/2025.","og_url":"https:\/\/logopediabialystok.pl\/index.php\/2026\/02\/05\/dysleksja-w-polsce\/","og_site_name":"logopediabialystok.pl","article_published_time":"2026-02-05T11:00:00+00:00","og_image":[{"width":1920,"height":1280,"url":"https:\/\/logopediabialystok.pl\/wp-content\/uploads\/2026\/01\/write-8487618_1920.jpg","type":"image\/jpeg"}],"author":"Bartosz Lewicki","twitter_card":"summary_large_image","twitter_misc":{"Napisane przez":"Bartosz Lewicki","Szacowany czas czytania":"4 minuty"},"schema":{"@context":"https:\/\/schema.org","@graph":[{"@type":"Article","@id":"https:\/\/logopediabialystok.pl\/index.php\/2026\/02\/05\/dysleksja-w-polsce\/#article","isPartOf":{"@id":"https:\/\/logopediabialystok.pl\/index.php\/2026\/02\/05\/dysleksja-w-polsce\/"},"author":{"name":"Bartosz Lewicki","@id":"https:\/\/logopediabialystok.pl\/#\/schema\/person\/5c0ef19c6bc84352715f1cd233173e7f"},"headline":"Dysleksja w Polsce: 50% uczni\u00f3w z symptomami w 2023 roku","datePublished":"2026-02-05T11:00:00+00:00","mainEntityOfPage":{"@id":"https:\/\/logopediabialystok.pl\/index.php\/2026\/02\/05\/dysleksja-w-polsce\/"},"wordCount":613,"commentCount":0,"publisher":{"@id":"https:\/\/logopediabialystok.pl\/#organization"},"image":{"@id":"https:\/\/logopediabialystok.pl\/index.php\/2026\/02\/05\/dysleksja-w-polsce\/#primaryimage"},"thumbnailUrl":"https:\/\/logopediabialystok.pl\/wp-content\/uploads\/2026\/01\/write-8487618_1920.jpg","keywords":["diagnoza logopedyczna","dyslalia u dzieci","logopedia","neurologopedia","terapia logopedyczna","wady wymowy u dzieci"],"articleSection":["Dysleksja","Dzieci","Porady"],"inLanguage":"pl-PL","potentialAction":[{"@type":"CommentAction","name":"Comment","target":["https:\/\/logopediabialystok.pl\/index.php\/2026\/02\/05\/dysleksja-w-polsce\/#respond"]}]},{"@type":"WebPage","@id":"https:\/\/logopediabialystok.pl\/index.php\/2026\/02\/05\/dysleksja-w-polsce\/","url":"https:\/\/logopediabialystok.pl\/index.php\/2026\/02\/05\/dysleksja-w-polsce\/","name":"Dysleksja w Polsce: 50% uczni\u00f3w z symptomami w 2023 roku &#8212; logopediabialystok.pl","isPartOf":{"@id":"https:\/\/logopediabialystok.pl\/#website"},"primaryImageOfPage":{"@id":"https:\/\/logopediabialystok.pl\/index.php\/2026\/02\/05\/dysleksja-w-polsce\/#primaryimage"},"image":{"@id":"https:\/\/logopediabialystok.pl\/index.php\/2026\/02\/05\/dysleksja-w-polsce\/#primaryimage"},"thumbnailUrl":"https:\/\/logopediabialystok.pl\/wp-content\/uploads\/2026\/01\/write-8487618_1920.jpg","datePublished":"2026-02-05T11:00:00+00:00","description":"50% uczni\u00f3w wykazuje symptomy dysleksji wed\u0142ug testu z 2023 r., co stawia szko\u0142y i poradnie przed ogromnym wyzwaniem w roku szkolnym 2024\/2025.","breadcrumb":{"@id":"https:\/\/logopediabialystok.pl\/index.php\/2026\/02\/05\/dysleksja-w-polsce\/#breadcrumb"},"inLanguage":"pl-PL","potentialAction":[{"@type":"ReadAction","target":["https:\/\/logopediabialystok.pl\/index.php\/2026\/02\/05\/dysleksja-w-polsce\/"]}]},{"@type":"ImageObject","inLanguage":"pl-PL","@id":"https:\/\/logopediabialystok.pl\/index.php\/2026\/02\/05\/dysleksja-w-polsce\/#primaryimage","url":"https:\/\/logopediabialystok.pl\/wp-content\/uploads\/2026\/01\/write-8487618_1920.jpg","contentUrl":"https:\/\/logopediabialystok.pl\/wp-content\/uploads\/2026\/01\/write-8487618_1920.jpg","width":1920,"height":1280,"caption":"Obraz Thomas G. z Pixabay"},{"@type":"BreadcrumbList","@id":"https:\/\/logopediabialystok.pl\/index.php\/2026\/02\/05\/dysleksja-w-polsce\/#breadcrumb","itemListElement":[{"@type":"ListItem","position":1,"name":"Home","item":"https:\/\/logopediabialystok.pl\/"},{"@type":"ListItem","position":2,"name":"Dysleksja w Polsce: 50% uczni\u00f3w z symptomami w 2023 roku"}]},{"@type":"WebSite","@id":"https:\/\/logopediabialystok.pl\/#website","url":"https:\/\/logopediabialystok.pl\/","name":"logopediabialystok.pl","description":"Od pierwszych s\u0142\u00f3w \u2013 po powr\u00f3t do mowy po udarze.","publisher":{"@id":"https:\/\/logopediabialystok.pl\/#organization"},"potentialAction":[{"@type":"SearchAction","target":{"@type":"EntryPoint","urlTemplate":"https:\/\/logopediabialystok.pl\/?s={search_term_string}"},"query-input":{"@type":"PropertyValueSpecification","valueRequired":true,"valueName":"search_term_string"}}],"inLanguage":"pl-PL"},{"@type":"Organization","@id":"https:\/\/logopediabialystok.pl\/#organization","name":"logopediabialystok.pl","url":"https:\/\/logopediabialystok.pl\/","logo":{"@type":"ImageObject","inLanguage":"pl-PL","@id":"https:\/\/logopediabialystok.pl\/#\/schema\/logo\/image\/","url":"https:\/\/logopediabialystok.pl\/wp-content\/uploads\/2025\/11\/logopedia-logo.webp","contentUrl":"https:\/\/logopediabialystok.pl\/wp-content\/uploads\/2025\/11\/logopedia-logo.webp","width":70,"height":70,"caption":"logopediabialystok.pl"},"image":{"@id":"https:\/\/logopediabialystok.pl\/#\/schema\/logo\/image\/"}},{"@type":"Person","@id":"https:\/\/logopediabialystok.pl\/#\/schema\/person\/5c0ef19c6bc84352715f1cd233173e7f","name":"Bartosz Lewicki","image":{"@type":"ImageObject","inLanguage":"pl-PL","@id":"https:\/\/logopediabialystok.pl\/#\/schema\/person\/image\/","url":"https:\/\/secure.gravatar.com\/avatar\/1740c3c9a51d4c5911cc1dc39db2bd798a3bc9b13801a8a896e2202a49384505?s=96&d=mm&r=g","contentUrl":"https:\/\/secure.gravatar.com\/avatar\/1740c3c9a51d4c5911cc1dc39db2bd798a3bc9b13801a8a896e2202a49384505?s=96&d=mm&r=g","caption":"Bartosz Lewicki"},"sameAs":["http:\/\/trustedone.pl"],"url":"https:\/\/logopediabialystok.pl\/index.php\/author\/bartek\/"}]}},"_links":{"self":[{"href":"https:\/\/logopediabialystok.pl\/index.php\/wp-json\/wp\/v2\/posts\/701","targetHints":{"allow":["GET"]}}],"collection":[{"href":"https:\/\/logopediabialystok.pl\/index.php\/wp-json\/wp\/v2\/posts"}],"about":[{"href":"https:\/\/logopediabialystok.pl\/index.php\/wp-json\/wp\/v2\/types\/post"}],"author":[{"embeddable":true,"href":"https:\/\/logopediabialystok.pl\/index.php\/wp-json\/wp\/v2\/users\/2"}],"replies":[{"embeddable":true,"href":"https:\/\/logopediabialystok.pl\/index.php\/wp-json\/wp\/v2\/comments?post=701"}],"version-history":[{"count":2,"href":"https:\/\/logopediabialystok.pl\/index.php\/wp-json\/wp\/v2\/posts\/701\/revisions"}],"predecessor-version":[{"id":756,"href":"https:\/\/logopediabialystok.pl\/index.php\/wp-json\/wp\/v2\/posts\/701\/revisions\/756"}],"wp:featuredmedia":[{"embeddable":true,"href":"https:\/\/logopediabialystok.pl\/index.php\/wp-json\/wp\/v2\/media\/702"}],"wp:attachment":[{"href":"https:\/\/logopediabialystok.pl\/index.php\/wp-json\/wp\/v2\/media?parent=701"}],"wp:term":[{"taxonomy":"category","embeddable":true,"href":"https:\/\/logopediabialystok.pl\/index.php\/wp-json\/wp\/v2\/categories?post=701"},{"taxonomy":"post_tag","embeddable":true,"href":"https:\/\/logopediabialystok.pl\/index.php\/wp-json\/wp\/v2\/tags?post=701"}],"curies":[{"name":"wp","href":"https:\/\/api.w.org\/{rel}","templated":true}]}}