{"id":598,"date":"2025-12-13T16:39:01","date_gmt":"2025-12-13T15:39:01","guid":{"rendered":"https:\/\/logopediabialystok.pl\/?p=598"},"modified":"2026-01-21T00:10:11","modified_gmt":"2026-01-20T23:10:11","slug":"terapia-mowy-przed-3-rokiem","status":"publish","type":"post","link":"https:\/\/logopediabialystok.pl\/index.php\/2025\/12\/13\/terapia-mowy-przed-3-rokiem\/","title":{"rendered":"Terapia mowy przed 3. rokiem \u017cycia \u2013 klucz do sukcesu"},"content":{"rendered":"\n<h3 class=\"wp-block-heading\">Dlaczego wczesna terapia jest wa\u017cna?<\/h3>\n\n\n\n<p>Op\u00f3\u017aniony rozw\u00f3j mowy dotyka oko\u0142o 3% dzieci przedszkolnych i wymaga profesjonalnej oceny oraz interwencji logopedycznej. Mi\u0119dzy 2. a 3. rokiem \u017cycia dziecko przechodzi prawdziwy &#8222;rozkwit mowy&#8221; \u2013 s\u0142ownik ro\u015bnie jak na dro\u017cd\u017cach, a pojawiaj\u0105 si\u0119 pierwsze zdania i struktury gramatyczne. Je\u015bli pierwsze s\u0142owa nie pojawiaj\u0105 si\u0119 do ko\u0144ca tego okresu, to wyra\u017any sygna\u0142, \u017ce trzeba dzia\u0142a\u0107 szybko.<\/p>\n\n\n\n<h3 class=\"wp-block-heading\">Jak dzia\u0142a terapia i dlaczego wsp\u00f3\u0142praca z rodzicami ma znaczenie?<\/h3>\n\n\n\n<p>Terapia przed 3. rokiem \u017cycia to nie tylko \u0107wiczenia artykulacyjne czy oddechowe. To tak\u017ce zabawy d\u017awi\u0119kona\u015bladowcze i rytmiczno-ruchowe, kt\u00f3re dostosowuje si\u0119 indywidualnie do potrzeb dziecka. Logopedzi podkre\u015blaj\u0105, \u017ce im wcze\u015bniej zaczniemy \u2013 nawet przed 2. rokiem \u017cycia \u2013 tym szybciej maluch poszerzy s\u0142ownictwo i nauczy si\u0119 budowa\u0107 zdania, a tak\u017ce lepiej odnajdzie si\u0119 w grupie r\u00f3wie\u015bniczej. Kluczowa jest tu \u015bcis\u0142a wsp\u00f3\u0142praca z rodzicami, bo to oni tworz\u0105 codzienny kontekst komunikacji. Dzieci, kt\u00f3re trafiaj\u0105 do specjalist\u00f3w oko\u0142o 2. roku \u017cycia, znacznie cz\u0119\u015bciej osi\u0105gaj\u0105 poziom komunikacji adekwatny do wieku przedszkolnego ni\u017c te, kt\u00f3re zaczynaj\u0105 terapi\u0119 p\u00f3\u017aniej, na etapie szkolnym.<\/p>\n","protected":false},"excerpt":{"rendered":"<p>Terapia mowy przed 3. rokiem \u017cycia przyspiesza rozw\u00f3j j\u0119zyka u dziecka. Wczesna diagnoza i wsp\u00f3\u0142praca z rodzicami daj\u0105 najlepsze efekty.<\/p>\n","protected":false},"author":2,"featured_media":599,"comment_status":"open","ping_status":"open","sticky":false,"template":"","format":"standard","meta":{"site-sidebar-layout":"default","site-content-layout":"","ast-site-content-layout":"default","site-content-style":"default","site-sidebar-style":"default","ast-global-header-display":"","ast-banner-title-visibility":"","ast-main-header-display":"","ast-hfb-above-header-display":"","ast-hfb-below-header-display":"","ast-hfb-mobile-header-display":"","site-post-title":"","ast-breadcrumbs-content":"","ast-featured-img":"","footer-sml-layout":"","ast-disable-related-posts":"","theme-transparent-header-meta":"","adv-header-id-meta":"","stick-header-meta":"","header-above-stick-meta":"","header-main-stick-meta":"","header-below-stick-meta":"","astra-migrate-meta-layouts":"default","ast-page-background-enabled":"default","ast-page-background-meta":{"desktop":{"background-color":"var(--ast-global-color-5)","background-image":"","background-repeat":"repeat","background-position":"center center","background-size":"auto","background-attachment":"scroll","background-type":"","background-media":"","overlay-type":"","overlay-color":"","overlay-opacity":"","overlay-gradient":""},"tablet":{"background-color":"","background-image":"","background-repeat":"repeat","background-position":"center center","background-size":"auto","background-attachment":"scroll","background-type":"","background-media":"","overlay-type":"","overlay-color":"","overlay-opacity":"","overlay-gradient":""},"mobile":{"background-color":"","background-image":"","background-repeat":"repeat","background-position":"center center","background-size":"auto","background-attachment":"scroll","background-type":"","background-media":"","overlay-type":"","overlay-color":"","overlay-opacity":"","overlay-gradient":""}},"ast-content-background-meta":{"desktop":{"background-color":"var(--ast-global-color-4)","background-image":"","background-repeat":"repeat","background-position":"center center","background-size":"auto","background-attachment":"scroll","background-type":"","background-media":"","overlay-type":"","overlay-color":"","overlay-opacity":"","overlay-gradient":""},"tablet":{"background-color":"var(--ast-global-color-4)","background-image":"","background-repeat":"repeat","background-position":"center center","background-size":"auto","background-attachment":"scroll","background-type":"","background-media":"","overlay-type":"","overlay-color":"","overlay-opacity":"","overlay-gradient":""},"mobile":{"background-color":"var(--ast-global-color-4)","background-image":"","background-repeat":"repeat","background-position":"center center","background-size":"auto","background-attachment":"scroll","background-type":"","background-media":"","overlay-type":"","overlay-color":"","overlay-opacity":"","overlay-gradient":""}},"footnotes":""},"categories":[25,13],"tags":[18,17,16],"class_list":["post-598","post","type-post","status-publish","format-standard","has-post-thumbnail","hentry","category-dzieci","category-porady","tag-logopeda-dla-malucha","tag-opozniony-rozwoj-mowy","tag-terapia-mowy-u-dziecka"],"yoast_head":"<!-- This site is optimized with the Yoast SEO plugin v26.6 - https:\/\/yoast.com\/wordpress\/plugins\/seo\/ -->\n<title>Terapia mowy przed 3. rokiem \u017cycia \u2013 klucz do sukcesu &#8212; logopediabialystok.pl<\/title>\n<meta name=\"description\" content=\"Terapia mowy przed 3. rokiem \u017cycia przyspiesza rozw\u00f3j j\u0119zyka u dziecka. Wczesna diagnoza i wsp\u00f3\u0142praca z rodzicami daj\u0105 najlepsze efekty.\" \/>\n<meta name=\"robots\" content=\"index, follow, max-snippet:-1, max-image-preview:large, max-video-preview:-1\" \/>\n<link rel=\"canonical\" href=\"https:\/\/logopediabialystok.pl\/index.php\/2025\/12\/13\/terapia-mowy-przed-3-rokiem\/\" \/>\n<meta property=\"og:locale\" content=\"pl_PL\" \/>\n<meta property=\"og:type\" content=\"article\" \/>\n<meta property=\"og:title\" content=\"Terapia mowy przed 3. rokiem \u017cycia \u2013 klucz do sukcesu &#8212; logopediabialystok.pl\" \/>\n<meta property=\"og:description\" content=\"Terapia mowy przed 3. rokiem \u017cycia przyspiesza rozw\u00f3j j\u0119zyka u dziecka. Wczesna diagnoza i wsp\u00f3\u0142praca z rodzicami daj\u0105 najlepsze efekty.\" \/>\n<meta property=\"og:url\" content=\"https:\/\/logopediabialystok.pl\/index.php\/2025\/12\/13\/terapia-mowy-przed-3-rokiem\/\" \/>\n<meta property=\"og:site_name\" content=\"logopediabialystok.pl\" \/>\n<meta property=\"article:published_time\" content=\"2025-12-13T15:39:01+00:00\" \/>\n<meta property=\"article:modified_time\" content=\"2026-01-20T23:10:11+00:00\" \/>\n<meta property=\"og:image\" content=\"https:\/\/logopediabialystok.pl\/wp-content\/uploads\/2025\/12\/pexels-cottonbro-6970260-scaled.jpg\" \/>\n\t<meta property=\"og:image:width\" content=\"2560\" \/>\n\t<meta property=\"og:image:height\" content=\"1707\" \/>\n\t<meta property=\"og:image:type\" content=\"image\/jpeg\" \/>\n<meta name=\"author\" content=\"Bartosz Lewicki\" \/>\n<meta name=\"twitter:card\" content=\"summary_large_image\" \/>\n<meta name=\"twitter:label1\" content=\"Napisane przez\" \/>\n\t<meta name=\"twitter:data1\" content=\"Bartosz Lewicki\" \/>\n\t<meta name=\"twitter:label2\" content=\"Szacowany czas czytania\" \/>\n\t<meta name=\"twitter:data2\" content=\"2 minuty\" \/>\n<script type=\"application\/ld+json\" class=\"yoast-schema-graph\">{\"@context\":\"https:\/\/schema.org\",\"@graph\":[{\"@type\":\"Article\",\"@id\":\"https:\/\/logopediabialystok.pl\/index.php\/2025\/12\/13\/terapia-mowy-przed-3-rokiem\/#article\",\"isPartOf\":{\"@id\":\"https:\/\/logopediabialystok.pl\/index.php\/2025\/12\/13\/terapia-mowy-przed-3-rokiem\/\"},\"author\":{\"name\":\"Bartosz Lewicki\",\"@id\":\"https:\/\/logopediabialystok.pl\/#\/schema\/person\/5c0ef19c6bc84352715f1cd233173e7f\"},\"headline\":\"Terapia mowy przed 3. rokiem \u017cycia \u2013 klucz do sukcesu\",\"datePublished\":\"2025-12-13T15:39:01+00:00\",\"dateModified\":\"2026-01-20T23:10:11+00:00\",\"mainEntityOfPage\":{\"@id\":\"https:\/\/logopediabialystok.pl\/index.php\/2025\/12\/13\/terapia-mowy-przed-3-rokiem\/\"},\"wordCount\":204,\"commentCount\":0,\"publisher\":{\"@id\":\"https:\/\/logopediabialystok.pl\/#organization\"},\"image\":{\"@id\":\"https:\/\/logopediabialystok.pl\/index.php\/2025\/12\/13\/terapia-mowy-przed-3-rokiem\/#primaryimage\"},\"thumbnailUrl\":\"https:\/\/logopediabialystok.pl\/wp-content\/uploads\/2025\/12\/pexels-cottonbro-6970260-scaled.jpg\",\"keywords\":[\"logopeda dla malucha\",\"op\u00f3\u017aniony rozw\u00f3j mowy\",\"terapia mowy u dziecka\"],\"articleSection\":[\"Dzieci\",\"Porady\"],\"inLanguage\":\"pl-PL\",\"potentialAction\":[{\"@type\":\"CommentAction\",\"name\":\"Comment\",\"target\":[\"https:\/\/logopediabialystok.pl\/index.php\/2025\/12\/13\/terapia-mowy-przed-3-rokiem\/#respond\"]}]},{\"@type\":\"WebPage\",\"@id\":\"https:\/\/logopediabialystok.pl\/index.php\/2025\/12\/13\/terapia-mowy-przed-3-rokiem\/\",\"url\":\"https:\/\/logopediabialystok.pl\/index.php\/2025\/12\/13\/terapia-mowy-przed-3-rokiem\/\",\"name\":\"Terapia mowy przed 3. rokiem \u017cycia \u2013 klucz do sukcesu &#8212; logopediabialystok.pl\",\"isPartOf\":{\"@id\":\"https:\/\/logopediabialystok.pl\/#website\"},\"primaryImageOfPage\":{\"@id\":\"https:\/\/logopediabialystok.pl\/index.php\/2025\/12\/13\/terapia-mowy-przed-3-rokiem\/#primaryimage\"},\"image\":{\"@id\":\"https:\/\/logopediabialystok.pl\/index.php\/2025\/12\/13\/terapia-mowy-przed-3-rokiem\/#primaryimage\"},\"thumbnailUrl\":\"https:\/\/logopediabialystok.pl\/wp-content\/uploads\/2025\/12\/pexels-cottonbro-6970260-scaled.jpg\",\"datePublished\":\"2025-12-13T15:39:01+00:00\",\"dateModified\":\"2026-01-20T23:10:11+00:00\",\"description\":\"Terapia mowy przed 3. rokiem \u017cycia przyspiesza rozw\u00f3j j\u0119zyka u dziecka. Wczesna diagnoza i wsp\u00f3\u0142praca z rodzicami daj\u0105 najlepsze efekty.\",\"breadcrumb\":{\"@id\":\"https:\/\/logopediabialystok.pl\/index.php\/2025\/12\/13\/terapia-mowy-przed-3-rokiem\/#breadcrumb\"},\"inLanguage\":\"pl-PL\",\"potentialAction\":[{\"@type\":\"ReadAction\",\"target\":[\"https:\/\/logopediabialystok.pl\/index.php\/2025\/12\/13\/terapia-mowy-przed-3-rokiem\/\"]}]},{\"@type\":\"ImageObject\",\"inLanguage\":\"pl-PL\",\"@id\":\"https:\/\/logopediabialystok.pl\/index.php\/2025\/12\/13\/terapia-mowy-przed-3-rokiem\/#primaryimage\",\"url\":\"https:\/\/logopediabialystok.pl\/wp-content\/uploads\/2025\/12\/pexels-cottonbro-6970260-scaled.jpg\",\"contentUrl\":\"https:\/\/logopediabialystok.pl\/wp-content\/uploads\/2025\/12\/pexels-cottonbro-6970260-scaled.jpg\",\"width\":2560,\"height\":1707,\"caption\":\"cottonbro studio\"},{\"@type\":\"BreadcrumbList\",\"@id\":\"https:\/\/logopediabialystok.pl\/index.php\/2025\/12\/13\/terapia-mowy-przed-3-rokiem\/#breadcrumb\",\"itemListElement\":[{\"@type\":\"ListItem\",\"position\":1,\"name\":\"Home\",\"item\":\"https:\/\/logopediabialystok.pl\/\"},{\"@type\":\"ListItem\",\"position\":2,\"name\":\"Terapia mowy przed 3. rokiem \u017cycia \u2013 klucz do sukcesu\"}]},{\"@type\":\"WebSite\",\"@id\":\"https:\/\/logopediabialystok.pl\/#website\",\"url\":\"https:\/\/logopediabialystok.pl\/\",\"name\":\"logopediabialystok.pl\",\"description\":\"Od pierwszych s\u0142\u00f3w \u2013 po powr\u00f3t do mowy po udarze.\",\"publisher\":{\"@id\":\"https:\/\/logopediabialystok.pl\/#organization\"},\"potentialAction\":[{\"@type\":\"SearchAction\",\"target\":{\"@type\":\"EntryPoint\",\"urlTemplate\":\"https:\/\/logopediabialystok.pl\/?s={search_term_string}\"},\"query-input\":{\"@type\":\"PropertyValueSpecification\",\"valueRequired\":true,\"valueName\":\"search_term_string\"}}],\"inLanguage\":\"pl-PL\"},{\"@type\":\"Organization\",\"@id\":\"https:\/\/logopediabialystok.pl\/#organization\",\"name\":\"logopediabialystok.pl\",\"url\":\"https:\/\/logopediabialystok.pl\/\",\"logo\":{\"@type\":\"ImageObject\",\"inLanguage\":\"pl-PL\",\"@id\":\"https:\/\/logopediabialystok.pl\/#\/schema\/logo\/image\/\",\"url\":\"https:\/\/logopediabialystok.pl\/wp-content\/uploads\/2025\/11\/logopedia-logo.webp\",\"contentUrl\":\"https:\/\/logopediabialystok.pl\/wp-content\/uploads\/2025\/11\/logopedia-logo.webp\",\"width\":70,\"height\":70,\"caption\":\"logopediabialystok.pl\"},\"image\":{\"@id\":\"https:\/\/logopediabialystok.pl\/#\/schema\/logo\/image\/\"}},{\"@type\":\"Person\",\"@id\":\"https:\/\/logopediabialystok.pl\/#\/schema\/person\/5c0ef19c6bc84352715f1cd233173e7f\",\"name\":\"Bartosz Lewicki\",\"image\":{\"@type\":\"ImageObject\",\"inLanguage\":\"pl-PL\",\"@id\":\"https:\/\/logopediabialystok.pl\/#\/schema\/person\/image\/\",\"url\":\"https:\/\/secure.gravatar.com\/avatar\/1740c3c9a51d4c5911cc1dc39db2bd798a3bc9b13801a8a896e2202a49384505?s=96&d=mm&r=g\",\"contentUrl\":\"https:\/\/secure.gravatar.com\/avatar\/1740c3c9a51d4c5911cc1dc39db2bd798a3bc9b13801a8a896e2202a49384505?s=96&d=mm&r=g\",\"caption\":\"Bartosz Lewicki\"},\"sameAs\":[\"http:\/\/trustedone.pl\"],\"url\":\"https:\/\/logopediabialystok.pl\/index.php\/author\/bartek\/\"}]}<\/script>\n<!-- \/ Yoast SEO plugin. -->","yoast_head_json":{"title":"Terapia mowy przed 3. rokiem \u017cycia \u2013 klucz do sukcesu &#8212; logopediabialystok.pl","description":"Terapia mowy przed 3. rokiem \u017cycia przyspiesza rozw\u00f3j j\u0119zyka u dziecka. Wczesna diagnoza i wsp\u00f3\u0142praca z rodzicami daj\u0105 najlepsze efekty.","robots":{"index":"index","follow":"follow","max-snippet":"max-snippet:-1","max-image-preview":"max-image-preview:large","max-video-preview":"max-video-preview:-1"},"canonical":"https:\/\/logopediabialystok.pl\/index.php\/2025\/12\/13\/terapia-mowy-przed-3-rokiem\/","og_locale":"pl_PL","og_type":"article","og_title":"Terapia mowy przed 3. rokiem \u017cycia \u2013 klucz do sukcesu &#8212; logopediabialystok.pl","og_description":"Terapia mowy przed 3. rokiem \u017cycia przyspiesza rozw\u00f3j j\u0119zyka u dziecka. Wczesna diagnoza i wsp\u00f3\u0142praca z rodzicami daj\u0105 najlepsze efekty.","og_url":"https:\/\/logopediabialystok.pl\/index.php\/2025\/12\/13\/terapia-mowy-przed-3-rokiem\/","og_site_name":"logopediabialystok.pl","article_published_time":"2025-12-13T15:39:01+00:00","article_modified_time":"2026-01-20T23:10:11+00:00","og_image":[{"width":2560,"height":1707,"url":"https:\/\/logopediabialystok.pl\/wp-content\/uploads\/2025\/12\/pexels-cottonbro-6970260-scaled.jpg","type":"image\/jpeg"}],"author":"Bartosz Lewicki","twitter_card":"summary_large_image","twitter_misc":{"Napisane przez":"Bartosz Lewicki","Szacowany czas czytania":"2 minuty"},"schema":{"@context":"https:\/\/schema.org","@graph":[{"@type":"Article","@id":"https:\/\/logopediabialystok.pl\/index.php\/2025\/12\/13\/terapia-mowy-przed-3-rokiem\/#article","isPartOf":{"@id":"https:\/\/logopediabialystok.pl\/index.php\/2025\/12\/13\/terapia-mowy-przed-3-rokiem\/"},"author":{"name":"Bartosz Lewicki","@id":"https:\/\/logopediabialystok.pl\/#\/schema\/person\/5c0ef19c6bc84352715f1cd233173e7f"},"headline":"Terapia mowy przed 3. rokiem \u017cycia \u2013 klucz do sukcesu","datePublished":"2025-12-13T15:39:01+00:00","dateModified":"2026-01-20T23:10:11+00:00","mainEntityOfPage":{"@id":"https:\/\/logopediabialystok.pl\/index.php\/2025\/12\/13\/terapia-mowy-przed-3-rokiem\/"},"wordCount":204,"commentCount":0,"publisher":{"@id":"https:\/\/logopediabialystok.pl\/#organization"},"image":{"@id":"https:\/\/logopediabialystok.pl\/index.php\/2025\/12\/13\/terapia-mowy-przed-3-rokiem\/#primaryimage"},"thumbnailUrl":"https:\/\/logopediabialystok.pl\/wp-content\/uploads\/2025\/12\/pexels-cottonbro-6970260-scaled.jpg","keywords":["logopeda dla malucha","op\u00f3\u017aniony rozw\u00f3j mowy","terapia mowy u dziecka"],"articleSection":["Dzieci","Porady"],"inLanguage":"pl-PL","potentialAction":[{"@type":"CommentAction","name":"Comment","target":["https:\/\/logopediabialystok.pl\/index.php\/2025\/12\/13\/terapia-mowy-przed-3-rokiem\/#respond"]}]},{"@type":"WebPage","@id":"https:\/\/logopediabialystok.pl\/index.php\/2025\/12\/13\/terapia-mowy-przed-3-rokiem\/","url":"https:\/\/logopediabialystok.pl\/index.php\/2025\/12\/13\/terapia-mowy-przed-3-rokiem\/","name":"Terapia mowy przed 3. rokiem \u017cycia \u2013 klucz do sukcesu &#8212; logopediabialystok.pl","isPartOf":{"@id":"https:\/\/logopediabialystok.pl\/#website"},"primaryImageOfPage":{"@id":"https:\/\/logopediabialystok.pl\/index.php\/2025\/12\/13\/terapia-mowy-przed-3-rokiem\/#primaryimage"},"image":{"@id":"https:\/\/logopediabialystok.pl\/index.php\/2025\/12\/13\/terapia-mowy-przed-3-rokiem\/#primaryimage"},"thumbnailUrl":"https:\/\/logopediabialystok.pl\/wp-content\/uploads\/2025\/12\/pexels-cottonbro-6970260-scaled.jpg","datePublished":"2025-12-13T15:39:01+00:00","dateModified":"2026-01-20T23:10:11+00:00","description":"Terapia mowy przed 3. rokiem \u017cycia przyspiesza rozw\u00f3j j\u0119zyka u dziecka. Wczesna diagnoza i wsp\u00f3\u0142praca z rodzicami daj\u0105 najlepsze efekty.","breadcrumb":{"@id":"https:\/\/logopediabialystok.pl\/index.php\/2025\/12\/13\/terapia-mowy-przed-3-rokiem\/#breadcrumb"},"inLanguage":"pl-PL","potentialAction":[{"@type":"ReadAction","target":["https:\/\/logopediabialystok.pl\/index.php\/2025\/12\/13\/terapia-mowy-przed-3-rokiem\/"]}]},{"@type":"ImageObject","inLanguage":"pl-PL","@id":"https:\/\/logopediabialystok.pl\/index.php\/2025\/12\/13\/terapia-mowy-przed-3-rokiem\/#primaryimage","url":"https:\/\/logopediabialystok.pl\/wp-content\/uploads\/2025\/12\/pexels-cottonbro-6970260-scaled.jpg","contentUrl":"https:\/\/logopediabialystok.pl\/wp-content\/uploads\/2025\/12\/pexels-cottonbro-6970260-scaled.jpg","width":2560,"height":1707,"caption":"cottonbro studio"},{"@type":"BreadcrumbList","@id":"https:\/\/logopediabialystok.pl\/index.php\/2025\/12\/13\/terapia-mowy-przed-3-rokiem\/#breadcrumb","itemListElement":[{"@type":"ListItem","position":1,"name":"Home","item":"https:\/\/logopediabialystok.pl\/"},{"@type":"ListItem","position":2,"name":"Terapia mowy przed 3. rokiem \u017cycia \u2013 klucz do sukcesu"}]},{"@type":"WebSite","@id":"https:\/\/logopediabialystok.pl\/#website","url":"https:\/\/logopediabialystok.pl\/","name":"logopediabialystok.pl","description":"Od pierwszych s\u0142\u00f3w \u2013 po powr\u00f3t do mowy po udarze.","publisher":{"@id":"https:\/\/logopediabialystok.pl\/#organization"},"potentialAction":[{"@type":"SearchAction","target":{"@type":"EntryPoint","urlTemplate":"https:\/\/logopediabialystok.pl\/?s={search_term_string}"},"query-input":{"@type":"PropertyValueSpecification","valueRequired":true,"valueName":"search_term_string"}}],"inLanguage":"pl-PL"},{"@type":"Organization","@id":"https:\/\/logopediabialystok.pl\/#organization","name":"logopediabialystok.pl","url":"https:\/\/logopediabialystok.pl\/","logo":{"@type":"ImageObject","inLanguage":"pl-PL","@id":"https:\/\/logopediabialystok.pl\/#\/schema\/logo\/image\/","url":"https:\/\/logopediabialystok.pl\/wp-content\/uploads\/2025\/11\/logopedia-logo.webp","contentUrl":"https:\/\/logopediabialystok.pl\/wp-content\/uploads\/2025\/11\/logopedia-logo.webp","width":70,"height":70,"caption":"logopediabialystok.pl"},"image":{"@id":"https:\/\/logopediabialystok.pl\/#\/schema\/logo\/image\/"}},{"@type":"Person","@id":"https:\/\/logopediabialystok.pl\/#\/schema\/person\/5c0ef19c6bc84352715f1cd233173e7f","name":"Bartosz Lewicki","image":{"@type":"ImageObject","inLanguage":"pl-PL","@id":"https:\/\/logopediabialystok.pl\/#\/schema\/person\/image\/","url":"https:\/\/secure.gravatar.com\/avatar\/1740c3c9a51d4c5911cc1dc39db2bd798a3bc9b13801a8a896e2202a49384505?s=96&d=mm&r=g","contentUrl":"https:\/\/secure.gravatar.com\/avatar\/1740c3c9a51d4c5911cc1dc39db2bd798a3bc9b13801a8a896e2202a49384505?s=96&d=mm&r=g","caption":"Bartosz Lewicki"},"sameAs":["http:\/\/trustedone.pl"],"url":"https:\/\/logopediabialystok.pl\/index.php\/author\/bartek\/"}]}},"_links":{"self":[{"href":"https:\/\/logopediabialystok.pl\/index.php\/wp-json\/wp\/v2\/posts\/598","targetHints":{"allow":["GET"]}}],"collection":[{"href":"https:\/\/logopediabialystok.pl\/index.php\/wp-json\/wp\/v2\/posts"}],"about":[{"href":"https:\/\/logopediabialystok.pl\/index.php\/wp-json\/wp\/v2\/types\/post"}],"author":[{"embeddable":true,"href":"https:\/\/logopediabialystok.pl\/index.php\/wp-json\/wp\/v2\/users\/2"}],"replies":[{"embeddable":true,"href":"https:\/\/logopediabialystok.pl\/index.php\/wp-json\/wp\/v2\/comments?post=598"}],"version-history":[{"count":1,"href":"https:\/\/logopediabialystok.pl\/index.php\/wp-json\/wp\/v2\/posts\/598\/revisions"}],"predecessor-version":[{"id":600,"href":"https:\/\/logopediabialystok.pl\/index.php\/wp-json\/wp\/v2\/posts\/598\/revisions\/600"}],"wp:featuredmedia":[{"embeddable":true,"href":"https:\/\/logopediabialystok.pl\/index.php\/wp-json\/wp\/v2\/media\/599"}],"wp:attachment":[{"href":"https:\/\/logopediabialystok.pl\/index.php\/wp-json\/wp\/v2\/media?parent=598"}],"wp:term":[{"taxonomy":"category","embeddable":true,"href":"https:\/\/logopediabialystok.pl\/index.php\/wp-json\/wp\/v2\/categories?post=598"},{"taxonomy":"post_tag","embeddable":true,"href":"https:\/\/logopediabialystok.pl\/index.php\/wp-json\/wp\/v2\/tags?post=598"}],"curies":[{"name":"wp","href":"https:\/\/api.w.org\/{rel}","templated":true}]}}