{"id":595,"date":"2025-12-06T16:17:44","date_gmt":"2025-12-06T15:17:44","guid":{"rendered":"https:\/\/logopediabialystok.pl\/?p=595"},"modified":"2026-01-21T00:09:03","modified_gmt":"2026-01-20T23:09:03","slug":"wczesna-diagnoza-wad-wymowy","status":"publish","type":"post","link":"https:\/\/logopediabialystok.pl\/index.php\/2025\/12\/06\/wczesna-diagnoza-wad-wymowy\/","title":{"rendered":"Wczesna diagnoza wad wymowy: klucz do unikni\u0119cia problem\u00f3w u dzieci"},"content":{"rendered":"\n<h3 class=\"wp-block-heading\">Wczesna diagnoza \u2013 dlaczego warto zacz\u0105\u0107 od trzech lat?<\/h3>\n\n\n\n<p>41% trzylatk\u00f3w i po\u0142owa czterolatk\u00f3w boryka si\u0119 z wadami wymowy. To nie jest margines \u2013 to realny problem, kt\u00f3ry mo\u017ce si\u0119 pog\u0142\u0119bia\u0107. Bez szybkiej interwencji a\u017c 78% sze\u015bciolatk\u00f3w utrwala te b\u0142\u0119dy, co utrudnia nauk\u0119 i komunikacj\u0119. Wczesna diagnoza pozwala na natychmiastowe rozpocz\u0119cie terapii logopedycznej, dzi\u0119ki czemu unikamy utrwalenia b\u0142\u0119d\u00f3w artykulacyjnych i op\u00f3\u017anie\u0144 w nauce.<\/p>\n\n\n\n<p>Bo m\u00f3zg dziecka jest wtedy jak plastelina \u2013 \u0142atwo kszta\u0142towa\u0107 prawid\u0142owe wzorce mowy. Im szybciej dzia\u0142amy, tym lepiej. To nie tylko kwestia poprawno\u015bci j\u0119zykowej, ale te\u017c rozwoju spo\u0142ecznego i poznawczego. Dziecko, kt\u00f3re dobrze komunikuje si\u0119 z r\u00f3wie\u015bnikami, buduje pewno\u015b\u0107 siebie i \u0142atwiej integruje si\u0119 w grupie.<\/p>\n\n\n\n<h3 class=\"wp-block-heading\">Korzy\u015bci terapii i wsparcia rodzinnego<\/h3>\n\n\n\n<p>Terapia logopedyczna to nie magia, tylko konkretne dzia\u0142ania. Poza popraw\u0105 wymowy, wspiera rozw\u00f3j umiej\u0119tno\u015bci czytania, pisania i my\u015blenia. To dlatego, \u017ce prawid\u0142owa mowa to fundament dla ca\u0142ego procesu edukacyjnego.<\/p>\n\n\n\n<p>Rodzice te\u017c nie zostaj\u0105 sami \u2013 ucz\u0105 si\u0119 technik, kt\u00f3re pomagaj\u0105 kontynuowa\u0107 terapi\u0119 w domu. To podw\u00f3jne wsparcie: specjalista plus domowe \u0107wiczenia. Regularne badania przesiewowe u\u0142atwiaj\u0105 wykrycie problem\u00f3w na czas, wi\u0119c interwencja jest szybka i skuteczna.<\/p>\n\n\n\n<p>W skr\u00f3cie? Im wcze\u015bniej zdiagnozujesz i zaczniesz dzia\u0142a\u0107, tym wi\u0119ksza szansa, \u017ce dziecko uniknie trwa\u0142ych problem\u00f3w z mow\u0105 i rozwojem. To inwestycja w przysz\u0142o\u015b\u0107 malucha \u2013 komunikacja to podstawa wszystkiego.<\/p>\n\n\n\n<p><\/p>\n","protected":false},"excerpt":{"rendered":"<p>Wczesna diagnoza wad wymowy u dzieci (od 3 lat) pomaga szybko rozpocz\u0105\u0107 terapi\u0119 logopedyczn\u0105 i zapobiega utrwalaniu b\u0142\u0119d\u00f3w.<\/p>\n","protected":false},"author":2,"featured_media":597,"comment_status":"open","ping_status":"open","sticky":false,"template":"","format":"standard","meta":{"site-sidebar-layout":"default","site-content-layout":"","ast-site-content-layout":"default","site-content-style":"default","site-sidebar-style":"default","ast-global-header-display":"","ast-banner-title-visibility":"","ast-main-header-display":"","ast-hfb-above-header-display":"","ast-hfb-below-header-display":"","ast-hfb-mobile-header-display":"","site-post-title":"","ast-breadcrumbs-content":"","ast-featured-img":"","footer-sml-layout":"","ast-disable-related-posts":"","theme-transparent-header-meta":"","adv-header-id-meta":"","stick-header-meta":"","header-above-stick-meta":"","header-main-stick-meta":"","header-below-stick-meta":"","astra-migrate-meta-layouts":"default","ast-page-background-enabled":"default","ast-page-background-meta":{"desktop":{"background-color":"var(--ast-global-color-5)","background-image":"","background-repeat":"repeat","background-position":"center center","background-size":"auto","background-attachment":"scroll","background-type":"","background-media":"","overlay-type":"","overlay-color":"","overlay-opacity":"","overlay-gradient":""},"tablet":{"background-color":"","background-image":"","background-repeat":"repeat","background-position":"center center","background-size":"auto","background-attachment":"scroll","background-type":"","background-media":"","overlay-type":"","overlay-color":"","overlay-opacity":"","overlay-gradient":""},"mobile":{"background-color":"","background-image":"","background-repeat":"repeat","background-position":"center center","background-size":"auto","background-attachment":"scroll","background-type":"","background-media":"","overlay-type":"","overlay-color":"","overlay-opacity":"","overlay-gradient":""}},"ast-content-background-meta":{"desktop":{"background-color":"var(--ast-global-color-4)","background-image":"","background-repeat":"repeat","background-position":"center center","background-size":"auto","background-attachment":"scroll","background-type":"","background-media":"","overlay-type":"","overlay-color":"","overlay-opacity":"","overlay-gradient":""},"tablet":{"background-color":"var(--ast-global-color-4)","background-image":"","background-repeat":"repeat","background-position":"center center","background-size":"auto","background-attachment":"scroll","background-type":"","background-media":"","overlay-type":"","overlay-color":"","overlay-opacity":"","overlay-gradient":""},"mobile":{"background-color":"var(--ast-global-color-4)","background-image":"","background-repeat":"repeat","background-position":"center center","background-size":"auto","background-attachment":"scroll","background-type":"","background-media":"","overlay-type":"","overlay-color":"","overlay-opacity":"","overlay-gradient":""}},"footnotes":""},"categories":[25,13,24],"tags":[11,20,19,12,10],"class_list":["post-595","post","type-post","status-publish","format-standard","has-post-thumbnail","hentry","category-dzieci","category-porady","category-terapia","tag-diagnoza-logopedyczna","tag-logopedia","tag-neurologopedia","tag-terapia-logopedyczna","tag-wady-wymowy-u-dzieci"],"yoast_head":"<!-- This site is optimized with the Yoast SEO plugin v26.6 - https:\/\/yoast.com\/wordpress\/plugins\/seo\/ -->\n<title>Wczesna diagnoza wad wymowy: klucz do unikni\u0119cia problem\u00f3w u dzieci &#8212; logopediabialystok.pl<\/title>\n<meta name=\"description\" content=\"Wczesna diagnoza wad wymowy u dzieci (od 3 lat) pomaga szybko rozpocz\u0105\u0107 terapi\u0119 logopedyczn\u0105 i zapobiega utrwalaniu b\u0142\u0119d\u00f3w.\" \/>\n<meta name=\"robots\" content=\"index, follow, max-snippet:-1, max-image-preview:large, max-video-preview:-1\" \/>\n<link rel=\"canonical\" href=\"https:\/\/logopediabialystok.pl\/index.php\/2025\/12\/06\/wczesna-diagnoza-wad-wymowy\/\" \/>\n<meta property=\"og:locale\" content=\"pl_PL\" \/>\n<meta property=\"og:type\" content=\"article\" \/>\n<meta property=\"og:title\" content=\"Wczesna diagnoza wad wymowy: klucz do unikni\u0119cia problem\u00f3w u dzieci &#8212; logopediabialystok.pl\" \/>\n<meta property=\"og:description\" content=\"Wczesna diagnoza wad wymowy u dzieci (od 3 lat) pomaga szybko rozpocz\u0105\u0107 terapi\u0119 logopedyczn\u0105 i zapobiega utrwalaniu b\u0142\u0119d\u00f3w.\" \/>\n<meta property=\"og:url\" content=\"https:\/\/logopediabialystok.pl\/index.php\/2025\/12\/06\/wczesna-diagnoza-wad-wymowy\/\" \/>\n<meta property=\"og:site_name\" content=\"logopediabialystok.pl\" \/>\n<meta property=\"article:published_time\" content=\"2025-12-06T15:17:44+00:00\" \/>\n<meta property=\"article:modified_time\" content=\"2026-01-20T23:09:03+00:00\" \/>\n<meta property=\"og:image\" content=\"https:\/\/logopediabialystok.pl\/wp-content\/uploads\/2025\/12\/pexels-alexander-dummer-37646-1912868-scaled.jpg\" \/>\n\t<meta property=\"og:image:width\" content=\"2560\" \/>\n\t<meta property=\"og:image:height\" content=\"1708\" \/>\n\t<meta property=\"og:image:type\" content=\"image\/jpeg\" \/>\n<meta name=\"author\" content=\"Bartosz Lewicki\" \/>\n<meta name=\"twitter:card\" content=\"summary_large_image\" \/>\n<meta name=\"twitter:label1\" content=\"Napisane przez\" \/>\n\t<meta name=\"twitter:data1\" content=\"Bartosz Lewicki\" \/>\n\t<meta name=\"twitter:label2\" content=\"Szacowany czas czytania\" \/>\n\t<meta name=\"twitter:data2\" content=\"2 minuty\" \/>\n<script type=\"application\/ld+json\" class=\"yoast-schema-graph\">{\"@context\":\"https:\/\/schema.org\",\"@graph\":[{\"@type\":\"Article\",\"@id\":\"https:\/\/logopediabialystok.pl\/index.php\/2025\/12\/06\/wczesna-diagnoza-wad-wymowy\/#article\",\"isPartOf\":{\"@id\":\"https:\/\/logopediabialystok.pl\/index.php\/2025\/12\/06\/wczesna-diagnoza-wad-wymowy\/\"},\"author\":{\"name\":\"Bartosz Lewicki\",\"@id\":\"https:\/\/logopediabialystok.pl\/#\/schema\/person\/5c0ef19c6bc84352715f1cd233173e7f\"},\"headline\":\"Wczesna diagnoza wad wymowy: klucz do unikni\u0119cia problem\u00f3w u dzieci\",\"datePublished\":\"2025-12-06T15:17:44+00:00\",\"dateModified\":\"2026-01-20T23:09:03+00:00\",\"mainEntityOfPage\":{\"@id\":\"https:\/\/logopediabialystok.pl\/index.php\/2025\/12\/06\/wczesna-diagnoza-wad-wymowy\/\"},\"wordCount\":258,\"commentCount\":0,\"publisher\":{\"@id\":\"https:\/\/logopediabialystok.pl\/#organization\"},\"image\":{\"@id\":\"https:\/\/logopediabialystok.pl\/index.php\/2025\/12\/06\/wczesna-diagnoza-wad-wymowy\/#primaryimage\"},\"thumbnailUrl\":\"https:\/\/logopediabialystok.pl\/wp-content\/uploads\/2025\/12\/pexels-alexander-dummer-37646-1912868-scaled.jpg\",\"keywords\":[\"diagnoza logopedyczna\",\"logopedia\",\"neurologopedia\",\"terapia logopedyczna\",\"wady wymowy u dzieci\"],\"articleSection\":[\"Dzieci\",\"Porady\",\"terapia\"],\"inLanguage\":\"pl-PL\",\"potentialAction\":[{\"@type\":\"CommentAction\",\"name\":\"Comment\",\"target\":[\"https:\/\/logopediabialystok.pl\/index.php\/2025\/12\/06\/wczesna-diagnoza-wad-wymowy\/#respond\"]}]},{\"@type\":\"WebPage\",\"@id\":\"https:\/\/logopediabialystok.pl\/index.php\/2025\/12\/06\/wczesna-diagnoza-wad-wymowy\/\",\"url\":\"https:\/\/logopediabialystok.pl\/index.php\/2025\/12\/06\/wczesna-diagnoza-wad-wymowy\/\",\"name\":\"Wczesna diagnoza wad wymowy: klucz do unikni\u0119cia problem\u00f3w u dzieci &#8212; logopediabialystok.pl\",\"isPartOf\":{\"@id\":\"https:\/\/logopediabialystok.pl\/#website\"},\"primaryImageOfPage\":{\"@id\":\"https:\/\/logopediabialystok.pl\/index.php\/2025\/12\/06\/wczesna-diagnoza-wad-wymowy\/#primaryimage\"},\"image\":{\"@id\":\"https:\/\/logopediabialystok.pl\/index.php\/2025\/12\/06\/wczesna-diagnoza-wad-wymowy\/#primaryimage\"},\"thumbnailUrl\":\"https:\/\/logopediabialystok.pl\/wp-content\/uploads\/2025\/12\/pexels-alexander-dummer-37646-1912868-scaled.jpg\",\"datePublished\":\"2025-12-06T15:17:44+00:00\",\"dateModified\":\"2026-01-20T23:09:03+00:00\",\"description\":\"Wczesna diagnoza wad wymowy u dzieci (od 3 lat) pomaga szybko rozpocz\u0105\u0107 terapi\u0119 logopedyczn\u0105 i zapobiega utrwalaniu b\u0142\u0119d\u00f3w.\",\"breadcrumb\":{\"@id\":\"https:\/\/logopediabialystok.pl\/index.php\/2025\/12\/06\/wczesna-diagnoza-wad-wymowy\/#breadcrumb\"},\"inLanguage\":\"pl-PL\",\"potentialAction\":[{\"@type\":\"ReadAction\",\"target\":[\"https:\/\/logopediabialystok.pl\/index.php\/2025\/12\/06\/wczesna-diagnoza-wad-wymowy\/\"]}]},{\"@type\":\"ImageObject\",\"inLanguage\":\"pl-PL\",\"@id\":\"https:\/\/logopediabialystok.pl\/index.php\/2025\/12\/06\/wczesna-diagnoza-wad-wymowy\/#primaryimage\",\"url\":\"https:\/\/logopediabialystok.pl\/wp-content\/uploads\/2025\/12\/pexels-alexander-dummer-37646-1912868-scaled.jpg\",\"contentUrl\":\"https:\/\/logopediabialystok.pl\/wp-content\/uploads\/2025\/12\/pexels-alexander-dummer-37646-1912868-scaled.jpg\",\"width\":2560,\"height\":1708,\"caption\":\"Alexander Dummer\"},{\"@type\":\"BreadcrumbList\",\"@id\":\"https:\/\/logopediabialystok.pl\/index.php\/2025\/12\/06\/wczesna-diagnoza-wad-wymowy\/#breadcrumb\",\"itemListElement\":[{\"@type\":\"ListItem\",\"position\":1,\"name\":\"Home\",\"item\":\"https:\/\/logopediabialystok.pl\/\"},{\"@type\":\"ListItem\",\"position\":2,\"name\":\"Wczesna diagnoza wad wymowy: klucz do unikni\u0119cia problem\u00f3w u dzieci\"}]},{\"@type\":\"WebSite\",\"@id\":\"https:\/\/logopediabialystok.pl\/#website\",\"url\":\"https:\/\/logopediabialystok.pl\/\",\"name\":\"logopediabialystok.pl\",\"description\":\"Od pierwszych s\u0142\u00f3w \u2013 po powr\u00f3t do mowy po udarze.\",\"publisher\":{\"@id\":\"https:\/\/logopediabialystok.pl\/#organization\"},\"potentialAction\":[{\"@type\":\"SearchAction\",\"target\":{\"@type\":\"EntryPoint\",\"urlTemplate\":\"https:\/\/logopediabialystok.pl\/?s={search_term_string}\"},\"query-input\":{\"@type\":\"PropertyValueSpecification\",\"valueRequired\":true,\"valueName\":\"search_term_string\"}}],\"inLanguage\":\"pl-PL\"},{\"@type\":\"Organization\",\"@id\":\"https:\/\/logopediabialystok.pl\/#organization\",\"name\":\"logopediabialystok.pl\",\"url\":\"https:\/\/logopediabialystok.pl\/\",\"logo\":{\"@type\":\"ImageObject\",\"inLanguage\":\"pl-PL\",\"@id\":\"https:\/\/logopediabialystok.pl\/#\/schema\/logo\/image\/\",\"url\":\"https:\/\/logopediabialystok.pl\/wp-content\/uploads\/2025\/11\/logopedia-logo.webp\",\"contentUrl\":\"https:\/\/logopediabialystok.pl\/wp-content\/uploads\/2025\/11\/logopedia-logo.webp\",\"width\":70,\"height\":70,\"caption\":\"logopediabialystok.pl\"},\"image\":{\"@id\":\"https:\/\/logopediabialystok.pl\/#\/schema\/logo\/image\/\"}},{\"@type\":\"Person\",\"@id\":\"https:\/\/logopediabialystok.pl\/#\/schema\/person\/5c0ef19c6bc84352715f1cd233173e7f\",\"name\":\"Bartosz Lewicki\",\"image\":{\"@type\":\"ImageObject\",\"inLanguage\":\"pl-PL\",\"@id\":\"https:\/\/logopediabialystok.pl\/#\/schema\/person\/image\/\",\"url\":\"https:\/\/secure.gravatar.com\/avatar\/1740c3c9a51d4c5911cc1dc39db2bd798a3bc9b13801a8a896e2202a49384505?s=96&d=mm&r=g\",\"contentUrl\":\"https:\/\/secure.gravatar.com\/avatar\/1740c3c9a51d4c5911cc1dc39db2bd798a3bc9b13801a8a896e2202a49384505?s=96&d=mm&r=g\",\"caption\":\"Bartosz Lewicki\"},\"sameAs\":[\"http:\/\/trustedone.pl\"],\"url\":\"https:\/\/logopediabialystok.pl\/index.php\/author\/bartek\/\"}]}<\/script>\n<!-- \/ Yoast SEO plugin. -->","yoast_head_json":{"title":"Wczesna diagnoza wad wymowy: klucz do unikni\u0119cia problem\u00f3w u dzieci &#8212; logopediabialystok.pl","description":"Wczesna diagnoza wad wymowy u dzieci (od 3 lat) pomaga szybko rozpocz\u0105\u0107 terapi\u0119 logopedyczn\u0105 i zapobiega utrwalaniu b\u0142\u0119d\u00f3w.","robots":{"index":"index","follow":"follow","max-snippet":"max-snippet:-1","max-image-preview":"max-image-preview:large","max-video-preview":"max-video-preview:-1"},"canonical":"https:\/\/logopediabialystok.pl\/index.php\/2025\/12\/06\/wczesna-diagnoza-wad-wymowy\/","og_locale":"pl_PL","og_type":"article","og_title":"Wczesna diagnoza wad wymowy: klucz do unikni\u0119cia problem\u00f3w u dzieci &#8212; logopediabialystok.pl","og_description":"Wczesna diagnoza wad wymowy u dzieci (od 3 lat) pomaga szybko rozpocz\u0105\u0107 terapi\u0119 logopedyczn\u0105 i zapobiega utrwalaniu b\u0142\u0119d\u00f3w.","og_url":"https:\/\/logopediabialystok.pl\/index.php\/2025\/12\/06\/wczesna-diagnoza-wad-wymowy\/","og_site_name":"logopediabialystok.pl","article_published_time":"2025-12-06T15:17:44+00:00","article_modified_time":"2026-01-20T23:09:03+00:00","og_image":[{"width":2560,"height":1708,"url":"https:\/\/logopediabialystok.pl\/wp-content\/uploads\/2025\/12\/pexels-alexander-dummer-37646-1912868-scaled.jpg","type":"image\/jpeg"}],"author":"Bartosz Lewicki","twitter_card":"summary_large_image","twitter_misc":{"Napisane przez":"Bartosz Lewicki","Szacowany czas czytania":"2 minuty"},"schema":{"@context":"https:\/\/schema.org","@graph":[{"@type":"Article","@id":"https:\/\/logopediabialystok.pl\/index.php\/2025\/12\/06\/wczesna-diagnoza-wad-wymowy\/#article","isPartOf":{"@id":"https:\/\/logopediabialystok.pl\/index.php\/2025\/12\/06\/wczesna-diagnoza-wad-wymowy\/"},"author":{"name":"Bartosz Lewicki","@id":"https:\/\/logopediabialystok.pl\/#\/schema\/person\/5c0ef19c6bc84352715f1cd233173e7f"},"headline":"Wczesna diagnoza wad wymowy: klucz do unikni\u0119cia problem\u00f3w u dzieci","datePublished":"2025-12-06T15:17:44+00:00","dateModified":"2026-01-20T23:09:03+00:00","mainEntityOfPage":{"@id":"https:\/\/logopediabialystok.pl\/index.php\/2025\/12\/06\/wczesna-diagnoza-wad-wymowy\/"},"wordCount":258,"commentCount":0,"publisher":{"@id":"https:\/\/logopediabialystok.pl\/#organization"},"image":{"@id":"https:\/\/logopediabialystok.pl\/index.php\/2025\/12\/06\/wczesna-diagnoza-wad-wymowy\/#primaryimage"},"thumbnailUrl":"https:\/\/logopediabialystok.pl\/wp-content\/uploads\/2025\/12\/pexels-alexander-dummer-37646-1912868-scaled.jpg","keywords":["diagnoza logopedyczna","logopedia","neurologopedia","terapia logopedyczna","wady wymowy u dzieci"],"articleSection":["Dzieci","Porady","terapia"],"inLanguage":"pl-PL","potentialAction":[{"@type":"CommentAction","name":"Comment","target":["https:\/\/logopediabialystok.pl\/index.php\/2025\/12\/06\/wczesna-diagnoza-wad-wymowy\/#respond"]}]},{"@type":"WebPage","@id":"https:\/\/logopediabialystok.pl\/index.php\/2025\/12\/06\/wczesna-diagnoza-wad-wymowy\/","url":"https:\/\/logopediabialystok.pl\/index.php\/2025\/12\/06\/wczesna-diagnoza-wad-wymowy\/","name":"Wczesna diagnoza wad wymowy: klucz do unikni\u0119cia problem\u00f3w u dzieci &#8212; logopediabialystok.pl","isPartOf":{"@id":"https:\/\/logopediabialystok.pl\/#website"},"primaryImageOfPage":{"@id":"https:\/\/logopediabialystok.pl\/index.php\/2025\/12\/06\/wczesna-diagnoza-wad-wymowy\/#primaryimage"},"image":{"@id":"https:\/\/logopediabialystok.pl\/index.php\/2025\/12\/06\/wczesna-diagnoza-wad-wymowy\/#primaryimage"},"thumbnailUrl":"https:\/\/logopediabialystok.pl\/wp-content\/uploads\/2025\/12\/pexels-alexander-dummer-37646-1912868-scaled.jpg","datePublished":"2025-12-06T15:17:44+00:00","dateModified":"2026-01-20T23:09:03+00:00","description":"Wczesna diagnoza wad wymowy u dzieci (od 3 lat) pomaga szybko rozpocz\u0105\u0107 terapi\u0119 logopedyczn\u0105 i zapobiega utrwalaniu b\u0142\u0119d\u00f3w.","breadcrumb":{"@id":"https:\/\/logopediabialystok.pl\/index.php\/2025\/12\/06\/wczesna-diagnoza-wad-wymowy\/#breadcrumb"},"inLanguage":"pl-PL","potentialAction":[{"@type":"ReadAction","target":["https:\/\/logopediabialystok.pl\/index.php\/2025\/12\/06\/wczesna-diagnoza-wad-wymowy\/"]}]},{"@type":"ImageObject","inLanguage":"pl-PL","@id":"https:\/\/logopediabialystok.pl\/index.php\/2025\/12\/06\/wczesna-diagnoza-wad-wymowy\/#primaryimage","url":"https:\/\/logopediabialystok.pl\/wp-content\/uploads\/2025\/12\/pexels-alexander-dummer-37646-1912868-scaled.jpg","contentUrl":"https:\/\/logopediabialystok.pl\/wp-content\/uploads\/2025\/12\/pexels-alexander-dummer-37646-1912868-scaled.jpg","width":2560,"height":1708,"caption":"Alexander Dummer"},{"@type":"BreadcrumbList","@id":"https:\/\/logopediabialystok.pl\/index.php\/2025\/12\/06\/wczesna-diagnoza-wad-wymowy\/#breadcrumb","itemListElement":[{"@type":"ListItem","position":1,"name":"Home","item":"https:\/\/logopediabialystok.pl\/"},{"@type":"ListItem","position":2,"name":"Wczesna diagnoza wad wymowy: klucz do unikni\u0119cia problem\u00f3w u dzieci"}]},{"@type":"WebSite","@id":"https:\/\/logopediabialystok.pl\/#website","url":"https:\/\/logopediabialystok.pl\/","name":"logopediabialystok.pl","description":"Od pierwszych s\u0142\u00f3w \u2013 po powr\u00f3t do mowy po udarze.","publisher":{"@id":"https:\/\/logopediabialystok.pl\/#organization"},"potentialAction":[{"@type":"SearchAction","target":{"@type":"EntryPoint","urlTemplate":"https:\/\/logopediabialystok.pl\/?s={search_term_string}"},"query-input":{"@type":"PropertyValueSpecification","valueRequired":true,"valueName":"search_term_string"}}],"inLanguage":"pl-PL"},{"@type":"Organization","@id":"https:\/\/logopediabialystok.pl\/#organization","name":"logopediabialystok.pl","url":"https:\/\/logopediabialystok.pl\/","logo":{"@type":"ImageObject","inLanguage":"pl-PL","@id":"https:\/\/logopediabialystok.pl\/#\/schema\/logo\/image\/","url":"https:\/\/logopediabialystok.pl\/wp-content\/uploads\/2025\/11\/logopedia-logo.webp","contentUrl":"https:\/\/logopediabialystok.pl\/wp-content\/uploads\/2025\/11\/logopedia-logo.webp","width":70,"height":70,"caption":"logopediabialystok.pl"},"image":{"@id":"https:\/\/logopediabialystok.pl\/#\/schema\/logo\/image\/"}},{"@type":"Person","@id":"https:\/\/logopediabialystok.pl\/#\/schema\/person\/5c0ef19c6bc84352715f1cd233173e7f","name":"Bartosz Lewicki","image":{"@type":"ImageObject","inLanguage":"pl-PL","@id":"https:\/\/logopediabialystok.pl\/#\/schema\/person\/image\/","url":"https:\/\/secure.gravatar.com\/avatar\/1740c3c9a51d4c5911cc1dc39db2bd798a3bc9b13801a8a896e2202a49384505?s=96&d=mm&r=g","contentUrl":"https:\/\/secure.gravatar.com\/avatar\/1740c3c9a51d4c5911cc1dc39db2bd798a3bc9b13801a8a896e2202a49384505?s=96&d=mm&r=g","caption":"Bartosz Lewicki"},"sameAs":["http:\/\/trustedone.pl"],"url":"https:\/\/logopediabialystok.pl\/index.php\/author\/bartek\/"}]}},"_links":{"self":[{"href":"https:\/\/logopediabialystok.pl\/index.php\/wp-json\/wp\/v2\/posts\/595","targetHints":{"allow":["GET"]}}],"collection":[{"href":"https:\/\/logopediabialystok.pl\/index.php\/wp-json\/wp\/v2\/posts"}],"about":[{"href":"https:\/\/logopediabialystok.pl\/index.php\/wp-json\/wp\/v2\/types\/post"}],"author":[{"embeddable":true,"href":"https:\/\/logopediabialystok.pl\/index.php\/wp-json\/wp\/v2\/users\/2"}],"replies":[{"embeddable":true,"href":"https:\/\/logopediabialystok.pl\/index.php\/wp-json\/wp\/v2\/comments?post=595"}],"version-history":[{"count":1,"href":"https:\/\/logopediabialystok.pl\/index.php\/wp-json\/wp\/v2\/posts\/595\/revisions"}],"predecessor-version":[{"id":596,"href":"https:\/\/logopediabialystok.pl\/index.php\/wp-json\/wp\/v2\/posts\/595\/revisions\/596"}],"wp:featuredmedia":[{"embeddable":true,"href":"https:\/\/logopediabialystok.pl\/index.php\/wp-json\/wp\/v2\/media\/597"}],"wp:attachment":[{"href":"https:\/\/logopediabialystok.pl\/index.php\/wp-json\/wp\/v2\/media?parent=595"}],"wp:term":[{"taxonomy":"category","embeddable":true,"href":"https:\/\/logopediabialystok.pl\/index.php\/wp-json\/wp\/v2\/categories?post=595"},{"taxonomy":"post_tag","embeddable":true,"href":"https:\/\/logopediabialystok.pl\/index.php\/wp-json\/wp\/v2\/tags?post=595"}],"curies":[{"name":"wp","href":"https:\/\/api.w.org\/{rel}","templated":true}]}}